{"id":8050,"date":"2012-11-29T14:36:52","date_gmt":"2012-11-29T13:36:52","guid":{"rendered":"http:\/\/www.sweetie-home.it\/?p=8050"},"modified":"2012-11-29T15:07:01","modified_gmt":"2012-11-29T14:07:01","slug":"stagionalita-e-menu-pronti-partenza-via","status":"publish","type":"post","link":"https:\/\/www.sweetie-home.it\/index.php\/2012\/11\/29\/stagionalita-e-menu-pronti-partenza-via\/","title":{"rendered":"Stagionalit\u00e0 e men\u00f9: pronti, partenza&#8230; via!"},"content":{"rendered":"<p>Ricordate il <span style=\"text-decoration: underline;\"><span style=\"color: #ff6600;\"><strong><span style=\"font-family: 'arial black', 'avant garde'; font-size: 14px;\"><a title=\"Men\u00f9 per veri melagrana addicted\" href=\"https:\/\/www.sweetie-home.it\/index.php\/2012\/11\/15\/melagrana-addicted-un-menu-a-quattro-mani\/\" target=\"_blank\"><span style=\"color: #ff6600; text-decoration: underline;\">men\u00f9 per i veri melagrana addicted<\/span><\/a><\/span><\/strong><\/span><\/span>, quello scritto a quattro mani in compagnia di Manuela (non io,<span style=\"text-decoration: underline;\"><a title=\"Con le mani in pasta\" href=\"http:\/\/unapiccolamela.wordpress.com\/\" target=\"_blank\"><span style=\"font-family: 'arial black', 'avant garde'; font-size: 14px; color: #99cc00;\"><span style=\"color: #99cc00; text-decoration: underline;\"> lei<\/span><\/span><\/a><\/span>!) tutto tempestato di chicchi lucenti dall\u2019antipasto al dolce?<\/p>\n<p>(Beh, s\u00ec dai, non \u00e8 passato poi molto)<\/p>\n<p>E ricordate la promessa di ripetere l\u2019esperienza con altri frutti\/verdure di stagione?\u00a0Come si dice, ogni promessa \u00e8 debito, e noi non potevamo certo scordarci una promessa simile.<\/p>\n<p><strong>Oltre al men\u00f9 per il mese di novembre che arriver\u00e0 a brevissimo<\/strong>, iniziamo a farvi un altro regalo: il <span style=\"font-family: 'arial black', 'avant garde'; font-size: 14px; color: #008080;\">calendario della stagionalit\u00e0 di frutta e verdura<\/span> da stampare e tenere sempre con voi.<\/p>\n<p>Bello, pratico e coloratissimo!<\/p>\n<div id=\"attachment_8052\" style=\"width: 610px\" class=\"wp-caption aligncenter\"><a href=\"https:\/\/www.sweetie-home.it\/wp-content\/uploads\/2012\/11\/Ruota_stagionalita.jpg\"><img aria-describedby=\"caption-attachment-8052\" loading=\"lazy\" class=\"size-full wp-image-8052\" title=\"Ruota stagionalita\" src=\"https:\/\/www.sweetie-home.it\/wp-content\/uploads\/2012\/11\/Ruota_stagionalita_600x600.jpg\" alt=\"\" width=\"600\" height=\"600\" srcset=\"https:\/\/www.sweetie-home.it\/wp-content\/uploads\/2012\/11\/Ruota_stagionalita_600x600.jpg 600w, https:\/\/www.sweetie-home.it\/wp-content\/uploads\/2012\/11\/Ruota_stagionalita_600x600-150x150.jpg 150w, https:\/\/www.sweetie-home.it\/wp-content\/uploads\/2012\/11\/Ruota_stagionalita_600x600-300x300.jpg 300w, https:\/\/www.sweetie-home.it\/wp-content\/uploads\/2012\/11\/Ruota_stagionalita_600x600-200x200.jpg 200w\" sizes=\"(max-width: 600px) 100vw, 600px\" \/><\/a><p id=\"caption-attachment-8052\" class=\"wp-caption-text\">Ruota delle stagionalit\u00e0 &#8211; Eataly<\/p><\/div>\n<p><span style=\"color: #000000; font-size: 10px;\">**Commissionato da Eataly e realizzato in collaborazione con Slow Food, il progetto nasce dalla richiesta di una visualizzazione innovativa dell\u2019alternanza di frutta e verdura durante il corso dell\u2019anno.\u00a0Il calendario della stagionalit\u00e0 \u00e8 stato concepito da ToDo su un layout circolare, un flusso senza soluzione di continuit\u00e0 come il tempo agricolo, per suggerire in modo rapido ed intuitivo cosa conviene consumare, mese per mese, per valorizzare le qualit\u00e0 nutritive degli alimenti e poterli consumare nel momento in cui sono pi\u00f9 gustosi e meno cari.<\/span><\/p>\n<p><em>Stay tuned!!<\/em><\/p>\n<a href=\"http:\/\/pinterest.com\/pin\/create\/button\/?url=https%3A%2F%2Fwww.sweetie-home.it%2Findex.php%2F2012%2F11%2F29%2Fstagionalita-e-menu-pronti-partenza-via%2F&media=https%3A%2F%2Fwww.sweetie-home.it%2Fwp-content%2Fuploads%2F2012%2F11%2FRuota_stagionalita1.jpg&description=Frutta+e+verdura%3A+la+ruota+della+stagionalit%C3%A0\" class=\"pin-it-button\" count-layout=\"horizontal\">Pin It<\/a><!-- relpost-thumb-wrapper --><div class=\"relpost-thumb-wrapper\"><!-- filter-class --><div class=\"relpost-thumb-container\"><h3>Qualche idea in pi\u00f9:<\/h3><div style=\"clear: both\"><\/div><div style=\"clear: both\"><\/div><!-- relpost-block-container --><div class=\"relpost-block-container relpost-block-column-layout\" style=\"--relposth-columns: 3;--relposth-columns_t: 2; --relposth-columns_m: 2\"><a href=\"https:\/\/www.sweetie-home.it\/index.php\/2012\/11\/15\/melagrana-addicted-un-menu-a-quattro-mani\/\"class=\"relpost-block-single\" ><div class=\"relpost-custom-block-single\"><div class=\"relpost-block-single-image\" aria-hidden=\"true\" role=\"img\" style=\"background: transparent url(https:\/\/www.sweetie-home.it\/wp-content\/plugins\/related-posts-thumbnails\/img\/default.png) no-repeat scroll 0% 0%; width: 150px; height: 150px;aspect-ratio:1\/1\"><\/div><div class=\"relpost-block-single-text\"  style=\"height: 75px;font-family: Arial;  font-size: 12px;  color: #333333;\"><h2 class=\"relpost_card_title\">Melagrana addicted: un men\u00f9 a quattro mani!<\/h2><\/div><\/div><\/a><a href=\"https:\/\/www.sweetie-home.it\/index.php\/2012\/12\/18\/menu-allarancia-e-buone-feste\/\"class=\"relpost-block-single\" ><div class=\"relpost-custom-block-single\"><div class=\"relpost-block-single-image\" aria-hidden=\"true\" role=\"img\" style=\"background: transparent url(https:\/\/www.sweetie-home.it\/wp-content\/plugins\/related-posts-thumbnails\/img\/default.png) no-repeat scroll 0% 0%; width: 150px; height: 150px;aspect-ratio:1\/1\"><\/div><div class=\"relpost-block-single-text\"  style=\"height: 75px;font-family: Arial;  font-size: 12px;  color: #333333;\"><h2 class=\"relpost_card_title\">Men\u00f9 all&#039;arancia e buone feste!<\/h2><\/div><\/div><\/a><a href=\"https:\/\/www.sweetie-home.it\/index.php\/2013\/03\/26\/menu-a-porter\/\"class=\"relpost-block-single\" ><div class=\"relpost-custom-block-single\"><div class=\"relpost-block-single-image\" aria-hidden=\"true\" role=\"img\" style=\"background: transparent url(https:\/\/www.sweetie-home.it\/wp-content\/plugins\/related-posts-thumbnails\/img\/default.png) no-repeat scroll 0% 0%; width: 150px; height: 150px;aspect-ratio:1\/1\"><\/div><div class=\"relpost-block-single-text\"  style=\"height: 75px;font-family: Arial;  font-size: 12px;  color: #333333;\"><h2 class=\"relpost_card_title\">Men\u00f9-\u00e0-porter!<\/h2><\/div><\/div><\/a><\/div><!-- close relpost-block-container --><div style=\"clear: both\"><\/div><\/div><!-- close filter class --><\/div><!-- close relpost-thumb-wrapper -->","protected":false},"excerpt":{"rendered":"<p>Ricordate il men\u00f9 per i veri melagrana addicted, quello scritto a quattro mani in compagnia di Manuela (non io, lei!) tutto tempestato di chicchi lucenti dall\u2019antipasto al dolce? (Beh, s\u00ec dai, non \u00e8 passato poi molto) E ricordate la promessa di ripetere l\u2019esperienza con altri frutti\/verdure di stagione?\u00a0Come si dice, ogni promessa \u00e8 debito, e [&hellip;]<\/p>\n<a href=\"http:\/\/pinterest.com\/pin\/create\/button\/?url=https%3A%2F%2Fwww.sweetie-home.it%2Findex.php%2F2012%2F11%2F29%2Fstagionalita-e-menu-pronti-partenza-via%2F&media=https%3A%2F%2Fwww.sweetie-home.it%2Fwp-content%2Fuploads%2F2012%2F11%2FRuota_stagionalita1.jpg&description=Frutta+e+verdura%3A+la+ruota+della+stagionalit%C3%A0\" class=\"pin-it-button\" count-layout=\"horizontal\">Pin It<\/a>","protected":false},"author":1,"featured_media":0,"comment_status":"open","ping_status":"closed","sticky":false,"template":"","format":"standard","meta":[],"categories":[76],"tags":[298,296,297,301],"_links":{"self":[{"href":"https:\/\/www.sweetie-home.it\/index.php\/wp-json\/wp\/v2\/posts\/8050"}],"collection":[{"href":"https:\/\/www.sweetie-home.it\/index.php\/wp-json\/wp\/v2\/posts"}],"about":[{"href":"https:\/\/www.sweetie-home.it\/index.php\/wp-json\/wp\/v2\/types\/post"}],"author":[{"embeddable":true,"href":"https:\/\/www.sweetie-home.it\/index.php\/wp-json\/wp\/v2\/users\/1"}],"replies":[{"embeddable":true,"href":"https:\/\/www.sweetie-home.it\/index.php\/wp-json\/wp\/v2\/comments?post=8050"}],"version-history":[{"count":31,"href":"https:\/\/www.sweetie-home.it\/index.php\/wp-json\/wp\/v2\/posts\/8050\/revisions"}],"predecessor-version":[{"id":8082,"href":"https:\/\/www.sweetie-home.it\/index.php\/wp-json\/wp\/v2\/posts\/8050\/revisions\/8082"}],"wp:attachment":[{"href":"https:\/\/www.sweetie-home.it\/index.php\/wp-json\/wp\/v2\/media?parent=8050"}],"wp:term":[{"taxonomy":"category","embeddable":true,"href":"https:\/\/www.sweetie-home.it\/index.php\/wp-json\/wp\/v2\/categories?post=8050"},{"taxonomy":"post_tag","embeddable":true,"href":"https:\/\/www.sweetie-home.it\/index.php\/wp-json\/wp\/v2\/tags?post=8050"}],"curies":[{"name":"wp","href":"https:\/\/api.w.org\/{rel}","templated":true}]}}